{"id":10074,"date":"2022-01-13T20:16:59","date_gmt":"2022-01-13T20:16:59","guid":{"rendered":"https:\/\/meindolcevita.com\/?p=10074"},"modified":"2022-01-15T15:47:56","modified_gmt":"2022-01-15T15:47:56","slug":"wine-experience-roter-hang-up-to-the-most-beautiful-wine-view-rheinhessen-2012","status":"publish","type":"post","link":"https:\/\/meindolcevita.com\/en\/wine-experience-roter-hang-up-to-the-most-beautiful-wine-view-rheinhessen-2012","title":{"rendered":"Wine experience &#8216;Roter Hang&#8217; up to the &#8216;Most Beautiful Wine View Rheinhessen 2012&#8217;"},"content":{"rendered":"\t\t<div data-elementor-type=\"wp-post\" data-elementor-id=\"10074\" class=\"elementor elementor-10074 elementor-8275\" data-elementor-post-type=\"post\">\n\t\t\t\t\t\t<section class=\"elementor-section elementor-top-section elementor-element elementor-element-22cbc5d1 elementor-section-boxed elementor-section-height-default elementor-section-height-default\" data-id=\"22cbc5d1\" data-element_type=\"section\">\n\t\t\t\t\t\t<div class=\"elementor-container elementor-column-gap-default\">\n\t\t\t\t\t<div class=\"elementor-column elementor-col-100 elementor-top-column elementor-element elementor-element-97c453c\" data-id=\"97c453c\" data-element_type=\"column\">\n\t\t\t<div class=\"elementor-widget-wrap elementor-element-populated\">\n\t\t\t\t\t\t<div class=\"elementor-element elementor-element-528373cb elementor-widget elementor-widget-text-editor\" data-id=\"528373cb\" data-element_type=\"widget\" data-widget_type=\"text-editor.default\">\n\t\t\t\t<div class=\"elementor-widget-container\">\n\t\t\t\t\t\t\t\t\t<p><strong>From Nierstein am Rhein you hike through the vineyards &#8216;Roter Hang&#8217; to the &#8216;Sch\u00f6nsten Weinsicht 2012 Rheinhessen&#8217;. You can expect romantic vineyards with a view over the Rhine and the skyline of Frankfurt on the horizon.<\/strong><\/p>\n\t\t\t\t\t\t\t\t<\/div>\n\t\t\t\t<\/div>\n\t\t\t\t<div class=\"elementor-element elementor-element-8cd28ce elementor-icon-list--layout-traditional elementor-list-item-link-full_width elementor-widget elementor-widget-icon-list\" data-id=\"8cd28ce\" data-element_type=\"widget\" data-widget_type=\"icon-list.default\">\n\t\t\t\t<div class=\"elementor-widget-container\">\n\t\t\t\t\t\t\t<ul class=\"elementor-icon-list-items\">\n\t\t\t\t\t\t\t<li class=\"elementor-icon-list-item\">\n\t\t\t\t\t\t\t\t\t\t\t<a href=\"https:\/\/goo.gl\/maps\/f113u1FKKR4vrKYp6\" target=\"_blank\">\n\n\t\t\t\t\t\t\t\t\t\t\t\t<span class=\"elementor-icon-list-icon\">\n\t\t\t\t\t\t\t<i aria-hidden=\"true\" class=\"fas fa-map-marked-alt\"><\/i>\t\t\t\t\t\t<\/span>\n\t\t\t\t\t\t\t\t\t\t<span class=\"elementor-icon-list-text\">From the market square to 'Most beautiful view of the Rhinehessen wine region 2012'<\/span>\n\t\t\t\t\t\t\t\t\t\t\t<\/a>\n\t\t\t\t\t\t\t\t\t<\/li>\n\t\t\t\t\t\t\t\t<li class=\"elementor-icon-list-item\">\n\t\t\t\t\t\t\t\t\t\t\t<a href=\"https:\/\/g.page\/Weingut-Heise?share\" target=\"_blank\">\n\n\t\t\t\t\t\t\t\t\t\t\t\t<span class=\"elementor-icon-list-icon\">\n\t\t\t\t\t\t\t<i aria-hidden=\"true\" class=\"fas fa-hiking\"><\/i>\t\t\t\t\t\t<\/span>\n\t\t\t\t\t\t\t\t\t\t<span class=\"elementor-icon-list-text\">Karolingerstra\u00dfe - Heise Winery - Kleine Steig<\/span>\n\t\t\t\t\t\t\t\t\t\t\t<\/a>\n\t\t\t\t\t\t\t\t\t<\/li>\n\t\t\t\t\t\t\t\t<li class=\"elementor-icon-list-item\">\n\t\t\t\t\t\t\t\t\t\t\t<a href=\"https:\/\/roter-hang.de\" target=\"_blank\">\n\n\t\t\t\t\t\t\t\t\t\t\t\t<span class=\"elementor-icon-list-icon\">\n\t\t\t\t\t\t\t<i aria-hidden=\"true\" class=\"fas fa-hiking\"><\/i>\t\t\t\t\t\t<\/span>\n\t\t\t\t\t\t\t\t\t\t<span class=\"elementor-icon-list-text\">Red slope<\/span>\n\t\t\t\t\t\t\t\t\t\t\t<\/a>\n\t\t\t\t\t\t\t\t\t<\/li>\n\t\t\t\t\t\t\t\t<li class=\"elementor-icon-list-item\">\n\t\t\t\t\t\t\t\t\t\t\t<a href=\"https:\/\/roter-hang.de\/weinerlebnis\/humboldt-blick\/\" target=\"_blank\">\n\n\t\t\t\t\t\t\t\t\t\t\t\t<span class=\"elementor-icon-list-icon\">\n\t\t\t\t\t\t\t<i aria-hidden=\"true\" class=\"fas fa-street-view\"><\/i>\t\t\t\t\t\t<\/span>\n\t\t\t\t\t\t\t\t\t\t<span class=\"elementor-icon-list-text\">Alexander von Humboldt-Blick<\/span>\n\t\t\t\t\t\t\t\t\t\t\t<\/a>\n\t\t\t\t\t\t\t\t\t<\/li>\n\t\t\t\t\t\t\t\t<li class=\"elementor-icon-list-item\">\n\t\t\t\t\t\t\t\t\t\t\t<a href=\"https:\/\/goo.gl\/maps\/jcxogFi6gxUU3n2Z8\" target=\"_blank\">\n\n\t\t\t\t\t\t\t\t\t\t\t\t<span class=\"elementor-icon-list-icon\">\n\t\t\t\t\t\t\t<i aria-hidden=\"true\" class=\"fas fa-camera\"><\/i>\t\t\t\t\t\t<\/span>\n\t\t\t\t\t\t\t\t\t\t<span class=\"elementor-icon-list-text\">Most beautiful wine view Rheinhessen 2012<\/span>\n\t\t\t\t\t\t\t\t\t\t\t<\/a>\n\t\t\t\t\t\t\t\t\t<\/li>\n\t\t\t\t\t\t<\/ul>\n\t\t\t\t\t\t<\/div>\n\t\t\t\t<\/div>\n\t\t\t\t<div class=\"elementor-element elementor-element-9b5adbe elementor-widget elementor-widget-gallery\" data-id=\"9b5adbe\" data-element_type=\"widget\" data-settings=\"{&quot;gap&quot;:{&quot;unit&quot;:&quot;px&quot;,&quot;size&quot;:7,&quot;sizes&quot;:[]},&quot;overlay_title&quot;:&quot;title&quot;,&quot;gallery_layout&quot;:&quot;justified&quot;,&quot;lazyload&quot;:&quot;yes&quot;,&quot;ideal_row_height&quot;:{&quot;unit&quot;:&quot;px&quot;,&quot;size&quot;:200,&quot;sizes&quot;:[]},&quot;ideal_row_height_tablet&quot;:{&quot;unit&quot;:&quot;px&quot;,&quot;size&quot;:150,&quot;sizes&quot;:[]},&quot;ideal_row_height_mobile&quot;:{&quot;unit&quot;:&quot;px&quot;,&quot;size&quot;:150,&quot;sizes&quot;:[]},&quot;gap_tablet&quot;:{&quot;unit&quot;:&quot;px&quot;,&quot;size&quot;:10,&quot;sizes&quot;:[]},&quot;gap_mobile&quot;:{&quot;unit&quot;:&quot;px&quot;,&quot;size&quot;:10,&quot;sizes&quot;:[]},&quot;link_to&quot;:&quot;file&quot;,&quot;overlay_background&quot;:&quot;yes&quot;,&quot;content_hover_animation&quot;:&quot;fade-in&quot;}\" data-widget_type=\"gallery.default\">\n\t\t\t\t<div class=\"elementor-widget-container\">\n\t\t\t\t\t\t\t<div class=\"elementor-gallery__container\">\n\t\t\t\t\t\t\t<a class=\"e-gallery-item elementor-gallery-item elementor-animated-content\" href=\"https:\/\/meindolcevita.com\/wp-content\/uploads\/ww-nierstein-01.jpg\" data-elementor-open-lightbox=\"yes\" data-elementor-lightbox-slideshow=\"9b5adbe\" data-elementor-lightbox-title=\"Weinerlebnis Roter Hang - Nierstein\" data-elementor-lightbox-description=\"Weinerlebnis Roter Hang - Nierstein | Foto: Walter Wiener\" data-e-action-hash=\"#elementor-action%3Aaction%3Dlightbox%26settings%3DeyJpZCI6OTk1NiwidXJsIjoiaHR0cHM6XC9cL21laW5kb2xjZXZpdGEuY29tXC93cC1jb250ZW50XC91cGxvYWRzXC93dy1uaWVyc3RlaW4tMDEuanBnIiwic2xpZGVzaG93IjoiOWI1YWRiZSJ9\">\n\t\t\t\t\t<div class=\"e-gallery-image elementor-gallery-item__image\" data-thumbnail=\"https:\/\/meindolcevita.com\/wp-content\/uploads\/ww-nierstein-01.jpg\" data-width=\"1380\" data-height=\"920\" aria-label=\"\" role=\"img\" ><\/div>\n\t\t\t\t\t\t\t\t\t\t\t<div class=\"elementor-gallery-item__overlay\"><\/div>\n\t\t\t\t\t\t\t\t\t\t\t\t\t\t\t<div class=\"elementor-gallery-item__content\">\n\t\t\t\t\t\t\t\t\t\t\t\t\t\t<div class=\"elementor-gallery-item__title\">\n\t\t\t\t\t\t\t\t\t\t\t\t\t\t\t\t\t\tWeinerlebnis Roter Hang - Nierstein\t\t\t\t\t\t\t\t<\/div>\n\t\t\t\t\t\t\t\t\t\t\t\t<\/div>\n\t\t\t\t\t\t\t\t\t<\/a>\n\t\t\t\t\t\t\t<a class=\"e-gallery-item elementor-gallery-item elementor-animated-content\" href=\"https:\/\/meindolcevita.com\/wp-content\/uploads\/ww-nierstein-02.jpg\" data-elementor-open-lightbox=\"yes\" data-elementor-lightbox-slideshow=\"9b5adbe\" data-elementor-lightbox-title=\"Weinerlebnis Roter Hang - Nierstein\" data-elementor-lightbox-description=\"Weinerlebnis Roter Hang - Nierstein | Foto: Walter Wiener\" data-e-action-hash=\"#elementor-action%3Aaction%3Dlightbox%26settings%3DeyJpZCI6OTk1NSwidXJsIjoiaHR0cHM6XC9cL21laW5kb2xjZXZpdGEuY29tXC93cC1jb250ZW50XC91cGxvYWRzXC93dy1uaWVyc3RlaW4tMDIuanBnIiwic2xpZGVzaG93IjoiOWI1YWRiZSJ9\">\n\t\t\t\t\t<div class=\"e-gallery-image elementor-gallery-item__image\" data-thumbnail=\"https:\/\/meindolcevita.com\/wp-content\/uploads\/ww-nierstein-02.jpg\" data-width=\"1380\" data-height=\"920\" aria-label=\"\" role=\"img\" ><\/div>\n\t\t\t\t\t\t\t\t\t\t\t<div class=\"elementor-gallery-item__overlay\"><\/div>\n\t\t\t\t\t\t\t\t\t\t\t\t\t\t\t<div class=\"elementor-gallery-item__content\">\n\t\t\t\t\t\t\t\t\t\t\t\t\t\t<div class=\"elementor-gallery-item__title\">\n\t\t\t\t\t\t\t\t\t\t\t\t\t\t\t\t\t\tWeinerlebnis Roter Hang - Nierstein\t\t\t\t\t\t\t\t<\/div>\n\t\t\t\t\t\t\t\t\t\t\t\t<\/div>\n\t\t\t\t\t\t\t\t\t<\/a>\n\t\t\t\t\t\t\t<a class=\"e-gallery-item elementor-gallery-item elementor-animated-content\" href=\"https:\/\/meindolcevita.com\/wp-content\/uploads\/ww-nierstein-03.jpg\" data-elementor-open-lightbox=\"yes\" data-elementor-lightbox-slideshow=\"9b5adbe\" data-elementor-lightbox-title=\"Weinerlebnis Roter Hang - K\u00fcstenblick\" data-elementor-lightbox-description=\"Weinerlebnis Roter Hang - K\u00fcstenblick | Foto: Walter Wiener\" data-e-action-hash=\"#elementor-action%3Aaction%3Dlightbox%26settings%3DeyJpZCI6OTk1NCwidXJsIjoiaHR0cHM6XC9cL21laW5kb2xjZXZpdGEuY29tXC93cC1jb250ZW50XC91cGxvYWRzXC93dy1uaWVyc3RlaW4tMDMuanBnIiwic2xpZGVzaG93IjoiOWI1YWRiZSJ9\">\n\t\t\t\t\t<div class=\"e-gallery-image elementor-gallery-item__image\" data-thumbnail=\"https:\/\/meindolcevita.com\/wp-content\/uploads\/ww-nierstein-03.jpg\" data-width=\"1380\" data-height=\"920\" aria-label=\"\" role=\"img\" ><\/div>\n\t\t\t\t\t\t\t\t\t\t\t<div class=\"elementor-gallery-item__overlay\"><\/div>\n\t\t\t\t\t\t\t\t\t\t\t\t\t\t\t<div class=\"elementor-gallery-item__content\">\n\t\t\t\t\t\t\t\t\t\t\t\t\t\t<div class=\"elementor-gallery-item__title\">\n\t\t\t\t\t\t\t\t\t\t\t\t\t\t\t\t\t\tWeinerlebnis Roter Hang - K\u00fcstenblick\t\t\t\t\t\t\t\t<\/div>\n\t\t\t\t\t\t\t\t\t\t\t\t<\/div>\n\t\t\t\t\t\t\t\t\t<\/a>\n\t\t\t\t\t\t\t<a class=\"e-gallery-item elementor-gallery-item elementor-animated-content\" href=\"https:\/\/meindolcevita.com\/wp-content\/uploads\/ww-nierstein-04.jpg\" data-elementor-open-lightbox=\"yes\" data-elementor-lightbox-slideshow=\"9b5adbe\" data-elementor-lightbox-title=\"Weinerlebnis Roter Hang\" data-elementor-lightbox-description=\"Weinerlebnis Roter Hang | Foto: Walter Wiener\" data-e-action-hash=\"#elementor-action%3Aaction%3Dlightbox%26settings%3DeyJpZCI6OTk1MywidXJsIjoiaHR0cHM6XC9cL21laW5kb2xjZXZpdGEuY29tXC93cC1jb250ZW50XC91cGxvYWRzXC93dy1uaWVyc3RlaW4tMDQuanBnIiwic2xpZGVzaG93IjoiOWI1YWRiZSJ9\">\n\t\t\t\t\t<div class=\"e-gallery-image elementor-gallery-item__image\" data-thumbnail=\"https:\/\/meindolcevita.com\/wp-content\/uploads\/ww-nierstein-04.jpg\" data-width=\"1380\" data-height=\"920\" aria-label=\"\" role=\"img\" ><\/div>\n\t\t\t\t\t\t\t\t\t\t\t<div class=\"elementor-gallery-item__overlay\"><\/div>\n\t\t\t\t\t\t\t\t\t\t\t\t\t\t\t<div class=\"elementor-gallery-item__content\">\n\t\t\t\t\t\t\t\t\t\t\t\t\t\t<div class=\"elementor-gallery-item__title\">\n\t\t\t\t\t\t\t\t\t\t\t\t\t\t\t\t\t\tWeinerlebnis Roter Hang\t\t\t\t\t\t\t\t<\/div>\n\t\t\t\t\t\t\t\t\t\t\t\t<\/div>\n\t\t\t\t\t\t\t\t\t<\/a>\n\t\t\t\t\t\t\t<a class=\"e-gallery-item elementor-gallery-item elementor-animated-content\" href=\"https:\/\/meindolcevita.com\/wp-content\/uploads\/ww-nierstein-05.jpg\" data-elementor-open-lightbox=\"yes\" data-elementor-lightbox-slideshow=\"9b5adbe\" data-elementor-lightbox-title=\"Hinter der Kirche beginnt die WeinWanderung\" data-elementor-lightbox-description=\"Hinter der Kirche beginnt die WeinWanderung zum Roten Hang in Nierstein | Foto: Walter Wiener\" data-e-action-hash=\"#elementor-action%3Aaction%3Dlightbox%26settings%3DeyJpZCI6OTk1MiwidXJsIjoiaHR0cHM6XC9cL21laW5kb2xjZXZpdGEuY29tXC93cC1jb250ZW50XC91cGxvYWRzXC93dy1uaWVyc3RlaW4tMDUuanBnIiwic2xpZGVzaG93IjoiOWI1YWRiZSJ9\">\n\t\t\t\t\t<div class=\"e-gallery-image elementor-gallery-item__image\" data-thumbnail=\"https:\/\/meindolcevita.com\/wp-content\/uploads\/ww-nierstein-05.jpg\" data-width=\"1380\" data-height=\"920\" aria-label=\"\" role=\"img\" ><\/div>\n\t\t\t\t\t\t\t\t\t\t\t<div class=\"elementor-gallery-item__overlay\"><\/div>\n\t\t\t\t\t\t\t\t\t\t\t\t\t\t\t<div class=\"elementor-gallery-item__content\">\n\t\t\t\t\t\t\t\t\t\t\t\t\t\t<div class=\"elementor-gallery-item__title\">\n\t\t\t\t\t\t\t\t\t\t\t\t\t\t\t\t\t\tHinter der Kirche beginnt die WeinWanderung\t\t\t\t\t\t\t\t<\/div>\n\t\t\t\t\t\t\t\t\t\t\t\t<\/div>\n\t\t\t\t\t\t\t\t\t<\/a>\n\t\t\t\t\t\t\t<a class=\"e-gallery-item elementor-gallery-item elementor-animated-content\" href=\"https:\/\/meindolcevita.com\/wp-content\/uploads\/ww-nierstein-06.jpg\" data-elementor-open-lightbox=\"yes\" data-elementor-lightbox-slideshow=\"9b5adbe\" data-elementor-lightbox-title=\"WeinWandern in Nierstein - Roter Hang\" data-elementor-lightbox-description=\"WeinWandern in Nierstein - Roter Hang mit Blick auf den Rhein | Foto: Walter Wiener\" data-e-action-hash=\"#elementor-action%3Aaction%3Dlightbox%26settings%3DeyJpZCI6OTk1MSwidXJsIjoiaHR0cHM6XC9cL21laW5kb2xjZXZpdGEuY29tXC93cC1jb250ZW50XC91cGxvYWRzXC93dy1uaWVyc3RlaW4tMDYuanBnIiwic2xpZGVzaG93IjoiOWI1YWRiZSJ9\">\n\t\t\t\t\t<div class=\"e-gallery-image elementor-gallery-item__image\" data-thumbnail=\"https:\/\/meindolcevita.com\/wp-content\/uploads\/ww-nierstein-06.jpg\" data-width=\"1380\" data-height=\"920\" aria-label=\"\" role=\"img\" ><\/div>\n\t\t\t\t\t\t\t\t\t\t\t<div class=\"elementor-gallery-item__overlay\"><\/div>\n\t\t\t\t\t\t\t\t\t\t\t\t\t\t\t<div class=\"elementor-gallery-item__content\">\n\t\t\t\t\t\t\t\t\t\t\t\t\t\t<div class=\"elementor-gallery-item__title\">\n\t\t\t\t\t\t\t\t\t\t\t\t\t\t\t\t\t\tWeinWandern in Nierstein - Roter Hang\t\t\t\t\t\t\t\t<\/div>\n\t\t\t\t\t\t\t\t\t\t\t\t<\/div>\n\t\t\t\t\t\t\t\t\t<\/a>\n\t\t\t\t\t\t\t<a class=\"e-gallery-item elementor-gallery-item elementor-animated-content\" href=\"https:\/\/meindolcevita.com\/wp-content\/uploads\/ww-nierstein-07.jpg\" data-elementor-open-lightbox=\"yes\" data-elementor-lightbox-slideshow=\"9b5adbe\" data-elementor-lightbox-title=\"Weinerlebnis Roter Hang - Nierstein\" data-elementor-lightbox-description=\"Weinerlebnis Roter Hang - Nierstein | Foto: Walter Wiener\" data-e-action-hash=\"#elementor-action%3Aaction%3Dlightbox%26settings%3DeyJpZCI6OTk1MCwidXJsIjoiaHR0cHM6XC9cL21laW5kb2xjZXZpdGEuY29tXC93cC1jb250ZW50XC91cGxvYWRzXC93dy1uaWVyc3RlaW4tMDcuanBnIiwic2xpZGVzaG93IjoiOWI1YWRiZSJ9\">\n\t\t\t\t\t<div class=\"e-gallery-image elementor-gallery-item__image\" data-thumbnail=\"https:\/\/meindolcevita.com\/wp-content\/uploads\/ww-nierstein-07.jpg\" data-width=\"1380\" data-height=\"920\" aria-label=\"\" role=\"img\" ><\/div>\n\t\t\t\t\t\t\t\t\t\t\t<div class=\"elementor-gallery-item__overlay\"><\/div>\n\t\t\t\t\t\t\t\t\t\t\t\t\t\t\t<div class=\"elementor-gallery-item__content\">\n\t\t\t\t\t\t\t\t\t\t\t\t\t\t<div class=\"elementor-gallery-item__title\">\n\t\t\t\t\t\t\t\t\t\t\t\t\t\t\t\t\t\tWeinerlebnis Roter Hang - Nierstein\t\t\t\t\t\t\t\t<\/div>\n\t\t\t\t\t\t\t\t\t\t\t\t<\/div>\n\t\t\t\t\t\t\t\t\t<\/a>\n\t\t\t\t\t\t\t<a class=\"e-gallery-item elementor-gallery-item elementor-animated-content\" href=\"https:\/\/meindolcevita.com\/wp-content\/uploads\/ww-nierstein-08.jpg\" data-elementor-open-lightbox=\"yes\" data-elementor-lightbox-slideshow=\"9b5adbe\" data-elementor-lightbox-title=\"Weinerlebnis Roter Hang - Nierstein\" data-elementor-lightbox-description=\"Weinerlebnis Roter Hang - Nierstein | Foto: Walter Wiener\" data-e-action-hash=\"#elementor-action%3Aaction%3Dlightbox%26settings%3DeyJpZCI6OTk0OSwidXJsIjoiaHR0cHM6XC9cL21laW5kb2xjZXZpdGEuY29tXC93cC1jb250ZW50XC91cGxvYWRzXC93dy1uaWVyc3RlaW4tMDguanBnIiwic2xpZGVzaG93IjoiOWI1YWRiZSJ9\">\n\t\t\t\t\t<div class=\"e-gallery-image elementor-gallery-item__image\" data-thumbnail=\"https:\/\/meindolcevita.com\/wp-content\/uploads\/ww-nierstein-08.jpg\" data-width=\"1380\" data-height=\"920\" aria-label=\"\" role=\"img\" ><\/div>\n\t\t\t\t\t\t\t\t\t\t\t<div class=\"elementor-gallery-item__overlay\"><\/div>\n\t\t\t\t\t\t\t\t\t\t\t\t\t\t\t<div class=\"elementor-gallery-item__content\">\n\t\t\t\t\t\t\t\t\t\t\t\t\t\t<div class=\"elementor-gallery-item__title\">\n\t\t\t\t\t\t\t\t\t\t\t\t\t\t\t\t\t\tWeinerlebnis Roter Hang - Nierstein\t\t\t\t\t\t\t\t<\/div>\n\t\t\t\t\t\t\t\t\t\t\t\t<\/div>\n\t\t\t\t\t\t\t\t\t<\/a>\n\t\t\t\t\t\t\t<a class=\"e-gallery-item elementor-gallery-item elementor-animated-content\" href=\"https:\/\/meindolcevita.com\/wp-content\/uploads\/ww-nierstein-09.jpg\" data-elementor-open-lightbox=\"yes\" data-elementor-lightbox-slideshow=\"9b5adbe\" data-elementor-lightbox-title=\"Wine experience Roter Hang - Nierstein\" data-elementor-lightbox-description=\"Wine experience Roter Hang - with a view over the Rhine | Photo: Walter Wiener\" data-e-action-hash=\"#elementor-action%3Aaction%3Dlightbox%26settings%3DeyJpZCI6OTk0OCwidXJsIjoiaHR0cHM6XC9cL21laW5kb2xjZXZpdGEuY29tXC93cC1jb250ZW50XC91cGxvYWRzXC93dy1uaWVyc3RlaW4tMDkuanBnIiwic2xpZGVzaG93IjoiOWI1YWRiZSJ9\">\n\t\t\t\t\t<div class=\"e-gallery-image elementor-gallery-item__image\" data-thumbnail=\"https:\/\/meindolcevita.com\/wp-content\/uploads\/ww-nierstein-09.jpg\" data-width=\"1380\" data-height=\"920\" aria-label=\"Wine experience Roter Hang - Nierstein\" role=\"img\" ><\/div>\n\t\t\t\t\t\t\t\t\t\t\t<div class=\"elementor-gallery-item__overlay\"><\/div>\n\t\t\t\t\t\t\t\t\t\t\t\t\t\t\t<div class=\"elementor-gallery-item__content\">\n\t\t\t\t\t\t\t\t\t\t\t\t\t\t<div class=\"elementor-gallery-item__title\">\n\t\t\t\t\t\t\t\t\t\t\t\t\t\t\t\t\t\tWine experience Roter Hang - Nierstein\t\t\t\t\t\t\t\t<\/div>\n\t\t\t\t\t\t\t\t\t\t\t\t<\/div>\n\t\t\t\t\t\t\t\t\t<\/a>\n\t\t\t\t\t\t\t<a class=\"e-gallery-item elementor-gallery-item elementor-animated-content\" href=\"https:\/\/meindolcevita.com\/wp-content\/uploads\/ww-nierstein-10.jpg\" data-elementor-open-lightbox=\"yes\" data-elementor-lightbox-slideshow=\"9b5adbe\" data-elementor-lightbox-title=\"Humboldt-Blick - Rhein\" data-elementor-lightbox-description=\"Humboldt-Blick vom Roten Hang in Nierstein - Rhein | Foto: Walter Wiener\" data-e-action-hash=\"#elementor-action%3Aaction%3Dlightbox%26settings%3DeyJpZCI6OTk0NywidXJsIjoiaHR0cHM6XC9cL21laW5kb2xjZXZpdGEuY29tXC93cC1jb250ZW50XC91cGxvYWRzXC93dy1uaWVyc3RlaW4tMTAuanBnIiwic2xpZGVzaG93IjoiOWI1YWRiZSJ9\">\n\t\t\t\t\t<div class=\"e-gallery-image elementor-gallery-item__image\" data-thumbnail=\"https:\/\/meindolcevita.com\/wp-content\/uploads\/ww-nierstein-10.jpg\" data-width=\"1380\" data-height=\"920\" aria-label=\"\" role=\"img\" ><\/div>\n\t\t\t\t\t\t\t\t\t\t\t<div class=\"elementor-gallery-item__overlay\"><\/div>\n\t\t\t\t\t\t\t\t\t\t\t\t\t\t\t<div class=\"elementor-gallery-item__content\">\n\t\t\t\t\t\t\t\t\t\t\t\t\t\t<div class=\"elementor-gallery-item__title\">\n\t\t\t\t\t\t\t\t\t\t\t\t\t\t\t\t\t\tHumboldt-Blick - Rhein\t\t\t\t\t\t\t\t<\/div>\n\t\t\t\t\t\t\t\t\t\t\t\t<\/div>\n\t\t\t\t\t\t\t\t\t<\/a>\n\t\t\t\t\t\t\t<a class=\"e-gallery-item elementor-gallery-item elementor-animated-content\" href=\"https:\/\/meindolcevita.com\/wp-content\/uploads\/ww-nierstein-11-scaled.jpg\" data-elementor-open-lightbox=\"yes\" data-elementor-lightbox-slideshow=\"9b5adbe\" data-elementor-lightbox-title=\"Humboldt-Blick vom Roten Hang in Nierstein - Rhein\" data-elementor-lightbox-description=\"Humboldt-Blick \u00fcber den Rhein | Foto: Walter Wiener\" data-e-action-hash=\"#elementor-action%3Aaction%3Dlightbox%26settings%3DeyJpZCI6OTk0NiwidXJsIjoiaHR0cHM6XC9cL21laW5kb2xjZXZpdGEuY29tXC93cC1jb250ZW50XC91cGxvYWRzXC93dy1uaWVyc3RlaW4tMTEtc2NhbGVkLmpwZyIsInNsaWRlc2hvdyI6IjliNWFkYmUifQ%3D%3D\">\n\t\t\t\t\t<div class=\"e-gallery-image elementor-gallery-item__image\" data-thumbnail=\"https:\/\/meindolcevita.com\/wp-content\/uploads\/ww-nierstein-11-scaled.jpg\" data-width=\"2560\" data-height=\"790\" aria-label=\"\" role=\"img\" ><\/div>\n\t\t\t\t\t\t\t\t\t\t\t<div class=\"elementor-gallery-item__overlay\"><\/div>\n\t\t\t\t\t\t\t\t\t\t\t\t\t\t\t<div class=\"elementor-gallery-item__content\">\n\t\t\t\t\t\t\t\t\t\t\t\t\t\t<div class=\"elementor-gallery-item__title\">\n\t\t\t\t\t\t\t\t\t\t\t\t\t\t\t\t\t\tHumboldt-Blick vom Roten Hang in Nierstein - Rhein\t\t\t\t\t\t\t\t<\/div>\n\t\t\t\t\t\t\t\t\t\t\t\t<\/div>\n\t\t\t\t\t\t\t\t\t<\/a>\n\t\t\t\t\t\t\t<a class=\"e-gallery-item elementor-gallery-item elementor-animated-content\" href=\"https:\/\/meindolcevita.com\/wp-content\/uploads\/ww-nierstein-12.jpg\" data-elementor-open-lightbox=\"yes\" data-elementor-lightbox-slideshow=\"9b5adbe\" data-elementor-lightbox-title=\"WeinWandern in Nierstein - Roter Hang\" data-elementor-lightbox-description=\"WeinWandern in Nierstein - Roter Hang | Foto: Walter Wiener\" data-e-action-hash=\"#elementor-action%3Aaction%3Dlightbox%26settings%3DeyJpZCI6OTk0NSwidXJsIjoiaHR0cHM6XC9cL21laW5kb2xjZXZpdGEuY29tXC93cC1jb250ZW50XC91cGxvYWRzXC93dy1uaWVyc3RlaW4tMTIuanBnIiwic2xpZGVzaG93IjoiOWI1YWRiZSJ9\">\n\t\t\t\t\t<div class=\"e-gallery-image elementor-gallery-item__image\" data-thumbnail=\"https:\/\/meindolcevita.com\/wp-content\/uploads\/ww-nierstein-12.jpg\" data-width=\"1381\" data-height=\"920\" aria-label=\"\" role=\"img\" ><\/div>\n\t\t\t\t\t\t\t\t\t\t\t<div class=\"elementor-gallery-item__overlay\"><\/div>\n\t\t\t\t\t\t\t\t\t\t\t\t\t\t\t<div class=\"elementor-gallery-item__content\">\n\t\t\t\t\t\t\t\t\t\t\t\t\t\t<div class=\"elementor-gallery-item__title\">\n\t\t\t\t\t\t\t\t\t\t\t\t\t\t\t\t\t\tWeinWandern in Nierstein - Roter Hang\t\t\t\t\t\t\t\t<\/div>\n\t\t\t\t\t\t\t\t\t\t\t\t<\/div>\n\t\t\t\t\t\t\t\t\t<\/a>\n\t\t\t\t\t\t\t<a class=\"e-gallery-item elementor-gallery-item elementor-animated-content\" href=\"https:\/\/meindolcevita.com\/wp-content\/uploads\/ww-nierstein-13.jpg\" data-elementor-open-lightbox=\"yes\" data-elementor-lightbox-slideshow=\"9b5adbe\" data-elementor-lightbox-title=\"WeinWandern in Nierstein - Roter Hang\" data-elementor-lightbox-description=\"WeinWandern in Nierstein - Roter Hang | Foto: Walter Wiener\" data-e-action-hash=\"#elementor-action%3Aaction%3Dlightbox%26settings%3DeyJpZCI6OTk0NCwidXJsIjoiaHR0cHM6XC9cL21laW5kb2xjZXZpdGEuY29tXC93cC1jb250ZW50XC91cGxvYWRzXC93dy1uaWVyc3RlaW4tMTMuanBnIiwic2xpZGVzaG93IjoiOWI1YWRiZSJ9\">\n\t\t\t\t\t<div class=\"e-gallery-image elementor-gallery-item__image\" data-thumbnail=\"https:\/\/meindolcevita.com\/wp-content\/uploads\/ww-nierstein-13.jpg\" data-width=\"1380\" data-height=\"920\" aria-label=\"\" role=\"img\" ><\/div>\n\t\t\t\t\t\t\t\t\t\t\t<div class=\"elementor-gallery-item__overlay\"><\/div>\n\t\t\t\t\t\t\t\t\t\t\t\t\t\t\t<div class=\"elementor-gallery-item__content\">\n\t\t\t\t\t\t\t\t\t\t\t\t\t\t<div class=\"elementor-gallery-item__title\">\n\t\t\t\t\t\t\t\t\t\t\t\t\t\t\t\t\t\tWeinWandern in Nierstein - Roter Hang\t\t\t\t\t\t\t\t<\/div>\n\t\t\t\t\t\t\t\t\t\t\t\t<\/div>\n\t\t\t\t\t\t\t\t\t<\/a>\n\t\t\t\t\t\t\t<a class=\"e-gallery-item elementor-gallery-item elementor-animated-content\" href=\"https:\/\/meindolcevita.com\/wp-content\/uploads\/ww-nierstein-14.jpg\" data-elementor-open-lightbox=\"yes\" data-elementor-lightbox-slideshow=\"9b5adbe\" data-elementor-lightbox-title=\"Sch\u00f6nste Weinsicht 2012 Rheinhessen\" data-elementor-lightbox-description=\"Sch\u00f6nste Weinsicht 2012 Rheinhessen | Foto: Walter Wiener\" data-e-action-hash=\"#elementor-action%3Aaction%3Dlightbox%26settings%3DeyJpZCI6OTk0MywidXJsIjoiaHR0cHM6XC9cL21laW5kb2xjZXZpdGEuY29tXC93cC1jb250ZW50XC91cGxvYWRzXC93dy1uaWVyc3RlaW4tMTQuanBnIiwic2xpZGVzaG93IjoiOWI1YWRiZSJ9\">\n\t\t\t\t\t<div class=\"e-gallery-image elementor-gallery-item__image\" data-thumbnail=\"https:\/\/meindolcevita.com\/wp-content\/uploads\/ww-nierstein-14.jpg\" data-width=\"1380\" data-height=\"920\" aria-label=\"\" role=\"img\" ><\/div>\n\t\t\t\t\t\t\t\t\t\t\t<div class=\"elementor-gallery-item__overlay\"><\/div>\n\t\t\t\t\t\t\t\t\t\t\t\t\t\t\t<div class=\"elementor-gallery-item__content\">\n\t\t\t\t\t\t\t\t\t\t\t\t\t\t<div class=\"elementor-gallery-item__title\">\n\t\t\t\t\t\t\t\t\t\t\t\t\t\t\t\t\t\tSch\u00f6nste Weinsicht 2012 Rheinhessen\t\t\t\t\t\t\t\t<\/div>\n\t\t\t\t\t\t\t\t\t\t\t\t<\/div>\n\t\t\t\t\t\t\t\t\t<\/a>\n\t\t\t\t\t\t\t<a class=\"e-gallery-item elementor-gallery-item elementor-animated-content\" href=\"https:\/\/meindolcevita.com\/wp-content\/uploads\/ww-nierstein-15.jpg\" data-elementor-open-lightbox=\"yes\" data-elementor-lightbox-slideshow=\"9b5adbe\" data-elementor-lightbox-title=\"Sch\u00f6nste Weinsicht 2012 Rheinhessen\" data-elementor-lightbox-description=\"Sch\u00f6nste Weinsicht 2012 Rheinhessen, Nierstein | Foto: Walter Wiener\" data-e-action-hash=\"#elementor-action%3Aaction%3Dlightbox%26settings%3DeyJpZCI6OTk0MiwidXJsIjoiaHR0cHM6XC9cL21laW5kb2xjZXZpdGEuY29tXC93cC1jb250ZW50XC91cGxvYWRzXC93dy1uaWVyc3RlaW4tMTUuanBnIiwic2xpZGVzaG93IjoiOWI1YWRiZSJ9\">\n\t\t\t\t\t<div class=\"e-gallery-image elementor-gallery-item__image\" data-thumbnail=\"https:\/\/meindolcevita.com\/wp-content\/uploads\/ww-nierstein-15.jpg\" data-width=\"1380\" data-height=\"920\" aria-label=\"\" role=\"img\" ><\/div>\n\t\t\t\t\t\t\t\t\t\t\t<div class=\"elementor-gallery-item__overlay\"><\/div>\n\t\t\t\t\t\t\t\t\t\t\t\t\t\t\t<div class=\"elementor-gallery-item__content\">\n\t\t\t\t\t\t\t\t\t\t\t\t\t\t<div class=\"elementor-gallery-item__title\">\n\t\t\t\t\t\t\t\t\t\t\t\t\t\t\t\t\t\tSch\u00f6nste Weinsicht 2012 Rheinhessen\t\t\t\t\t\t\t\t<\/div>\n\t\t\t\t\t\t\t\t\t\t\t\t<\/div>\n\t\t\t\t\t\t\t\t\t<\/a>\n\t\t\t\t\t\t\t<a class=\"e-gallery-item elementor-gallery-item elementor-animated-content\" href=\"https:\/\/meindolcevita.com\/wp-content\/uploads\/ww-nierstein-16.jpg\" data-elementor-open-lightbox=\"yes\" data-elementor-lightbox-slideshow=\"9b5adbe\" data-elementor-lightbox-title=\"Sch\u00f6nste Weinsicht 2012 Rheinhessen\" data-elementor-lightbox-description=\"Sch\u00f6nste Weinsicht 2012 Rheinhessen | Foto: Walter Wiener\" data-e-action-hash=\"#elementor-action%3Aaction%3Dlightbox%26settings%3DeyJpZCI6OTk0MSwidXJsIjoiaHR0cHM6XC9cL21laW5kb2xjZXZpdGEuY29tXC93cC1jb250ZW50XC91cGxvYWRzXC93dy1uaWVyc3RlaW4tMTYuanBnIiwic2xpZGVzaG93IjoiOWI1YWRiZSJ9\">\n\t\t\t\t\t<div class=\"e-gallery-image elementor-gallery-item__image\" data-thumbnail=\"https:\/\/meindolcevita.com\/wp-content\/uploads\/ww-nierstein-16.jpg\" data-width=\"1380\" data-height=\"920\" aria-label=\"\" role=\"img\" ><\/div>\n\t\t\t\t\t\t\t\t\t\t\t<div class=\"elementor-gallery-item__overlay\"><\/div>\n\t\t\t\t\t\t\t\t\t\t\t\t\t\t\t<div class=\"elementor-gallery-item__content\">\n\t\t\t\t\t\t\t\t\t\t\t\t\t\t<div class=\"elementor-gallery-item__title\">\n\t\t\t\t\t\t\t\t\t\t\t\t\t\t\t\t\t\tSch\u00f6nste Weinsicht 2012 Rheinhessen\t\t\t\t\t\t\t\t<\/div>\n\t\t\t\t\t\t\t\t\t\t\t\t<\/div>\n\t\t\t\t\t\t\t\t\t<\/a>\n\t\t\t\t\t\t\t<a class=\"e-gallery-item elementor-gallery-item elementor-animated-content\" href=\"https:\/\/meindolcevita.com\/wp-content\/uploads\/ww-nierstein-17.jpg\" data-elementor-open-lightbox=\"yes\" data-elementor-lightbox-slideshow=\"9b5adbe\" data-elementor-lightbox-title=\"Sch\u00f6nste Weinsicht 2012 Rheinhessen\" data-elementor-lightbox-description=\"Sch\u00f6nste Weinsicht 2012 Rheinhessen - am Horizont sieht man die Skyline von Frankfurt | Foto: Walter Wiener\" data-e-action-hash=\"#elementor-action%3Aaction%3Dlightbox%26settings%3DeyJpZCI6OTk0MCwidXJsIjoiaHR0cHM6XC9cL21laW5kb2xjZXZpdGEuY29tXC93cC1jb250ZW50XC91cGxvYWRzXC93dy1uaWVyc3RlaW4tMTcuanBnIiwic2xpZGVzaG93IjoiOWI1YWRiZSJ9\">\n\t\t\t\t\t<div class=\"e-gallery-image elementor-gallery-item__image\" data-thumbnail=\"https:\/\/meindolcevita.com\/wp-content\/uploads\/ww-nierstein-17.jpg\" data-width=\"1380\" data-height=\"920\" aria-label=\"\" role=\"img\" ><\/div>\n\t\t\t\t\t\t\t\t\t\t\t<div class=\"elementor-gallery-item__overlay\"><\/div>\n\t\t\t\t\t\t\t\t\t\t\t\t\t\t\t<div class=\"elementor-gallery-item__content\">\n\t\t\t\t\t\t\t\t\t\t\t\t\t\t<div class=\"elementor-gallery-item__title\">\n\t\t\t\t\t\t\t\t\t\t\t\t\t\t\t\t\t\tSch\u00f6nste Weinsicht 2012 Rheinhessen\t\t\t\t\t\t\t\t<\/div>\n\t\t\t\t\t\t\t\t\t\t\t\t<\/div>\n\t\t\t\t\t\t\t\t\t<\/a>\n\t\t\t\t\t\t\t<a class=\"e-gallery-item elementor-gallery-item elementor-animated-content\" href=\"https:\/\/meindolcevita.com\/wp-content\/uploads\/ww-nierstein-18.jpg\" data-elementor-open-lightbox=\"yes\" data-elementor-lightbox-slideshow=\"9b5adbe\" data-elementor-lightbox-title=\"Wein vom Roten Hang\" data-elementor-lightbox-description=\"Wein vom Roten Hang, Nierstein | Foto: Walter Wiener\" data-e-action-hash=\"#elementor-action%3Aaction%3Dlightbox%26settings%3DeyJpZCI6OTkzOSwidXJsIjoiaHR0cHM6XC9cL21laW5kb2xjZXZpdGEuY29tXC93cC1jb250ZW50XC91cGxvYWRzXC93dy1uaWVyc3RlaW4tMTguanBnIiwic2xpZGVzaG93IjoiOWI1YWRiZSJ9\">\n\t\t\t\t\t<div class=\"e-gallery-image elementor-gallery-item__image\" data-thumbnail=\"https:\/\/meindolcevita.com\/wp-content\/uploads\/ww-nierstein-18.jpg\" data-width=\"1380\" data-height=\"920\" aria-label=\"\" role=\"img\" ><\/div>\n\t\t\t\t\t\t\t\t\t\t\t<div class=\"elementor-gallery-item__overlay\"><\/div>\n\t\t\t\t\t\t\t\t\t\t\t\t\t\t\t<div class=\"elementor-gallery-item__content\">\n\t\t\t\t\t\t\t\t\t\t\t\t\t\t<div class=\"elementor-gallery-item__title\">\n\t\t\t\t\t\t\t\t\t\t\t\t\t\t\t\t\t\tWein vom Roten Hang\t\t\t\t\t\t\t\t<\/div>\n\t\t\t\t\t\t\t\t\t\t\t\t<\/div>\n\t\t\t\t\t\t\t\t\t<\/a>\n\t\t\t\t\t\t\t<a class=\"e-gallery-item elementor-gallery-item elementor-animated-content\" href=\"https:\/\/meindolcevita.com\/wp-content\/uploads\/ww-nierstein-19.jpg\" data-elementor-open-lightbox=\"yes\" data-elementor-lightbox-slideshow=\"9b5adbe\" data-elementor-lightbox-title=\"Sch\u00f6nste Weinsicht 2012 Rheinhessen\" data-elementor-lightbox-description=\"Sch\u00f6nste Weinsicht 2012 Rheinhessen, Nierstein | Foto: Walter Wiener\" data-e-action-hash=\"#elementor-action%3Aaction%3Dlightbox%26settings%3DeyJpZCI6OTkzOCwidXJsIjoiaHR0cHM6XC9cL21laW5kb2xjZXZpdGEuY29tXC93cC1jb250ZW50XC91cGxvYWRzXC93dy1uaWVyc3RlaW4tMTkuanBnIiwic2xpZGVzaG93IjoiOWI1YWRiZSJ9\">\n\t\t\t\t\t<div class=\"e-gallery-image elementor-gallery-item__image\" data-thumbnail=\"https:\/\/meindolcevita.com\/wp-content\/uploads\/ww-nierstein-19.jpg\" data-width=\"1380\" data-height=\"920\" aria-label=\"\" role=\"img\" ><\/div>\n\t\t\t\t\t\t\t\t\t\t\t<div class=\"elementor-gallery-item__overlay\"><\/div>\n\t\t\t\t\t\t\t\t\t\t\t\t\t\t\t<div class=\"elementor-gallery-item__content\">\n\t\t\t\t\t\t\t\t\t\t\t\t\t\t<div class=\"elementor-gallery-item__title\">\n\t\t\t\t\t\t\t\t\t\t\t\t\t\t\t\t\t\tSch\u00f6nste Weinsicht 2012 Rheinhessen\t\t\t\t\t\t\t\t<\/div>\n\t\t\t\t\t\t\t\t\t\t\t\t<\/div>\n\t\t\t\t\t\t\t\t\t<\/a>\n\t\t\t\t\t\t\t<a class=\"e-gallery-item elementor-gallery-item elementor-animated-content\" href=\"https:\/\/meindolcevita.com\/wp-content\/uploads\/ww-nierstein-20.jpg\" data-elementor-open-lightbox=\"yes\" data-elementor-lightbox-slideshow=\"9b5adbe\" data-elementor-lightbox-title=\"Sch\u00f6nste Weinsicht 2012 Rheinhessen\" data-elementor-lightbox-description=\"Sch\u00f6nste Weinsicht 2012 Rheinhessen, Nierstein am Rhein | Foto: Walter Wiener\" data-e-action-hash=\"#elementor-action%3Aaction%3Dlightbox%26settings%3DeyJpZCI6OTkzNywidXJsIjoiaHR0cHM6XC9cL21laW5kb2xjZXZpdGEuY29tXC93cC1jb250ZW50XC91cGxvYWRzXC93dy1uaWVyc3RlaW4tMjAuanBnIiwic2xpZGVzaG93IjoiOWI1YWRiZSJ9\">\n\t\t\t\t\t<div class=\"e-gallery-image elementor-gallery-item__image\" data-thumbnail=\"https:\/\/meindolcevita.com\/wp-content\/uploads\/ww-nierstein-20.jpg\" data-width=\"1380\" data-height=\"920\" aria-label=\"\" role=\"img\" ><\/div>\n\t\t\t\t\t\t\t\t\t\t\t<div class=\"elementor-gallery-item__overlay\"><\/div>\n\t\t\t\t\t\t\t\t\t\t\t\t\t\t\t<div class=\"elementor-gallery-item__content\">\n\t\t\t\t\t\t\t\t\t\t\t\t\t\t<div class=\"elementor-gallery-item__title\">\n\t\t\t\t\t\t\t\t\t\t\t\t\t\t\t\t\t\tSch\u00f6nste Weinsicht 2012 Rheinhessen\t\t\t\t\t\t\t\t<\/div>\n\t\t\t\t\t\t\t\t\t\t\t\t<\/div>\n\t\t\t\t\t\t\t\t\t<\/a>\n\t\t\t\t\t\t\t<a class=\"e-gallery-item elementor-gallery-item elementor-animated-content\" href=\"https:\/\/meindolcevita.com\/wp-content\/uploads\/ww-nierstein-21.jpg\" data-elementor-open-lightbox=\"yes\" data-elementor-lightbox-slideshow=\"9b5adbe\" data-elementor-lightbox-title=\"Sch\u00f6nste Weinsicht 2012 Rheinhessen\" data-elementor-lightbox-description=\"Sch\u00f6nste Weinsicht 2012 Rheinhessen - am Horizont sieht man die Skyline von Frankfurt | Foto: Walter Wiener\" data-e-action-hash=\"#elementor-action%3Aaction%3Dlightbox%26settings%3DeyJpZCI6OTkzNiwidXJsIjoiaHR0cHM6XC9cL21laW5kb2xjZXZpdGEuY29tXC93cC1jb250ZW50XC91cGxvYWRzXC93dy1uaWVyc3RlaW4tMjEuanBnIiwic2xpZGVzaG93IjoiOWI1YWRiZSJ9\">\n\t\t\t\t\t<div class=\"e-gallery-image elementor-gallery-item__image\" data-thumbnail=\"https:\/\/meindolcevita.com\/wp-content\/uploads\/ww-nierstein-21.jpg\" data-width=\"1380\" data-height=\"920\" aria-label=\"\" role=\"img\" ><\/div>\n\t\t\t\t\t\t\t\t\t\t\t<div class=\"elementor-gallery-item__overlay\"><\/div>\n\t\t\t\t\t\t\t\t\t\t\t\t\t\t\t<div class=\"elementor-gallery-item__content\">\n\t\t\t\t\t\t\t\t\t\t\t\t\t\t<div class=\"elementor-gallery-item__title\">\n\t\t\t\t\t\t\t\t\t\t\t\t\t\t\t\t\t\tSch\u00f6nste Weinsicht 2012 Rheinhessen\t\t\t\t\t\t\t\t<\/div>\n\t\t\t\t\t\t\t\t\t\t\t\t<\/div>\n\t\t\t\t\t\t\t\t\t<\/a>\n\t\t\t\t\t\t\t<a class=\"e-gallery-item elementor-gallery-item elementor-animated-content\" href=\"https:\/\/meindolcevita.com\/wp-content\/uploads\/ww-nierstein-22.jpg\" data-elementor-open-lightbox=\"yes\" data-elementor-lightbox-slideshow=\"9b5adbe\" data-elementor-lightbox-title=\"Weinberge bei Nierstein\" data-elementor-lightbox-description=\"Weinberge bei Nierstein | Foto: Walter Wiener\" data-e-action-hash=\"#elementor-action%3Aaction%3Dlightbox%26settings%3DeyJpZCI6OTkzNSwidXJsIjoiaHR0cHM6XC9cL21laW5kb2xjZXZpdGEuY29tXC93cC1jb250ZW50XC91cGxvYWRzXC93dy1uaWVyc3RlaW4tMjIuanBnIiwic2xpZGVzaG93IjoiOWI1YWRiZSJ9\">\n\t\t\t\t\t<div class=\"e-gallery-image elementor-gallery-item__image\" data-thumbnail=\"https:\/\/meindolcevita.com\/wp-content\/uploads\/ww-nierstein-22.jpg\" data-width=\"1380\" data-height=\"920\" aria-label=\"\" role=\"img\" ><\/div>\n\t\t\t\t\t\t\t\t\t\t\t<div class=\"elementor-gallery-item__overlay\"><\/div>\n\t\t\t\t\t\t\t\t\t\t\t\t\t\t\t<div class=\"elementor-gallery-item__content\">\n\t\t\t\t\t\t\t\t\t\t\t\t\t\t<div class=\"elementor-gallery-item__title\">\n\t\t\t\t\t\t\t\t\t\t\t\t\t\t\t\t\t\tWeinberge bei Nierstein\t\t\t\t\t\t\t\t<\/div>\n\t\t\t\t\t\t\t\t\t\t\t\t<\/div>\n\t\t\t\t\t\t\t\t\t<\/a>\n\t\t\t\t\t\t\t<a class=\"e-gallery-item elementor-gallery-item elementor-animated-content\" href=\"https:\/\/meindolcevita.com\/wp-content\/uploads\/ww-nierstein-23.jpg\" data-elementor-open-lightbox=\"yes\" data-elementor-lightbox-slideshow=\"9b5adbe\" data-elementor-lightbox-title=\"WeinWandern in Nierstein\" data-elementor-lightbox-description=\"WeinWandern in Nierstein - hinter der Kirche beginnt der Wanderweg Roter Hang | Foto: Walter Wiener\" data-e-action-hash=\"#elementor-action%3Aaction%3Dlightbox%26settings%3DeyJpZCI6OTkzNCwidXJsIjoiaHR0cHM6XC9cL21laW5kb2xjZXZpdGEuY29tXC93cC1jb250ZW50XC91cGxvYWRzXC93dy1uaWVyc3RlaW4tMjMuanBnIiwic2xpZGVzaG93IjoiOWI1YWRiZSJ9\">\n\t\t\t\t\t<div class=\"e-gallery-image elementor-gallery-item__image\" data-thumbnail=\"https:\/\/meindolcevita.com\/wp-content\/uploads\/ww-nierstein-23.jpg\" data-width=\"1380\" data-height=\"920\" aria-label=\"\" role=\"img\" ><\/div>\n\t\t\t\t\t\t\t\t\t\t\t<div class=\"elementor-gallery-item__overlay\"><\/div>\n\t\t\t\t\t\t\t\t\t\t\t\t\t\t\t<div class=\"elementor-gallery-item__content\">\n\t\t\t\t\t\t\t\t\t\t\t\t\t\t<div class=\"elementor-gallery-item__title\">\n\t\t\t\t\t\t\t\t\t\t\t\t\t\t\t\t\t\tWeinWandern in Nierstein\t\t\t\t\t\t\t\t<\/div>\n\t\t\t\t\t\t\t\t\t\t\t\t<\/div>\n\t\t\t\t\t\t\t\t\t<\/a>\n\t\t\t\t\t\t\t<a class=\"e-gallery-item elementor-gallery-item elementor-animated-content\" href=\"https:\/\/meindolcevita.com\/wp-content\/uploads\/ww-nierstein-25-scaled.jpg\" data-elementor-open-lightbox=\"yes\" data-elementor-lightbox-slideshow=\"9b5adbe\" data-elementor-lightbox-title=\"WeinWandern in Nierstein\" data-elementor-lightbox-description=\"WeinWandern in Nierstein - hinter der Kirche beginnt der Wanderweg Roter Hang | Foto: Walter Wiener\" data-e-action-hash=\"#elementor-action%3Aaction%3Dlightbox%26settings%3DeyJpZCI6OTkzMiwidXJsIjoiaHR0cHM6XC9cL21laW5kb2xjZXZpdGEuY29tXC93cC1jb250ZW50XC91cGxvYWRzXC93dy1uaWVyc3RlaW4tMjUtc2NhbGVkLmpwZyIsInNsaWRlc2hvdyI6IjliNWFkYmUifQ%3D%3D\">\n\t\t\t\t\t<div class=\"e-gallery-image elementor-gallery-item__image\" data-thumbnail=\"https:\/\/meindolcevita.com\/wp-content\/uploads\/ww-nierstein-25-scaled.jpg\" data-width=\"2560\" data-height=\"805\" aria-label=\"\" role=\"img\" ><\/div>\n\t\t\t\t\t\t\t\t\t\t\t<div class=\"elementor-gallery-item__overlay\"><\/div>\n\t\t\t\t\t\t\t\t\t\t\t\t\t\t\t<div class=\"elementor-gallery-item__content\">\n\t\t\t\t\t\t\t\t\t\t\t\t\t\t<div class=\"elementor-gallery-item__title\">\n\t\t\t\t\t\t\t\t\t\t\t\t\t\t\t\t\t\tWeinWandern in Nierstein\t\t\t\t\t\t\t\t<\/div>\n\t\t\t\t\t\t\t\t\t\t\t\t<\/div>\n\t\t\t\t\t\t\t\t\t<\/a>\n\t\t\t\t\t\t\t<a class=\"e-gallery-item elementor-gallery-item elementor-animated-content\" href=\"https:\/\/meindolcevita.com\/wp-content\/uploads\/ww-nierstein-26.jpg\" data-elementor-open-lightbox=\"yes\" data-elementor-lightbox-slideshow=\"9b5adbe\" data-elementor-lightbox-title=\"Weingut Heise\" data-elementor-lightbox-description=\"Am Weingut Heise beginnt der Wanderweg - oder an der Kirche in der N\u00e4he | Foto: Walter Wiener\" data-e-action-hash=\"#elementor-action%3Aaction%3Dlightbox%26settings%3DeyJpZCI6OTkzMSwidXJsIjoiaHR0cHM6XC9cL21laW5kb2xjZXZpdGEuY29tXC93cC1jb250ZW50XC91cGxvYWRzXC93dy1uaWVyc3RlaW4tMjYuanBnIiwic2xpZGVzaG93IjoiOWI1YWRiZSJ9\">\n\t\t\t\t\t<div class=\"e-gallery-image elementor-gallery-item__image\" data-thumbnail=\"https:\/\/meindolcevita.com\/wp-content\/uploads\/ww-nierstein-26.jpg\" data-width=\"1380\" data-height=\"920\" aria-label=\"\" role=\"img\" ><\/div>\n\t\t\t\t\t\t\t\t\t\t\t<div class=\"elementor-gallery-item__overlay\"><\/div>\n\t\t\t\t\t\t\t\t\t\t\t\t\t\t\t<div class=\"elementor-gallery-item__content\">\n\t\t\t\t\t\t\t\t\t\t\t\t\t\t<div class=\"elementor-gallery-item__title\">\n\t\t\t\t\t\t\t\t\t\t\t\t\t\t\t\t\t\tWeingut Heise\t\t\t\t\t\t\t\t<\/div>\n\t\t\t\t\t\t\t\t\t\t\t\t<\/div>\n\t\t\t\t\t\t\t\t\t<\/a>\n\t\t\t\t\t\t\t<a class=\"e-gallery-item elementor-gallery-item elementor-animated-content\" href=\"https:\/\/meindolcevita.com\/wp-content\/uploads\/ww-nierstein-27.jpg\" data-elementor-open-lightbox=\"yes\" data-elementor-lightbox-slideshow=\"9b5adbe\" data-elementor-lightbox-title=\"Weingut Heise\" data-elementor-lightbox-description=\"Am Weingut Heise beginnt der Wanderweg - oder an der Kirche in der N\u00e4he | Foto: Walter Wiener\" data-e-action-hash=\"#elementor-action%3Aaction%3Dlightbox%26settings%3DeyJpZCI6OTkzMCwidXJsIjoiaHR0cHM6XC9cL21laW5kb2xjZXZpdGEuY29tXC93cC1jb250ZW50XC91cGxvYWRzXC93dy1uaWVyc3RlaW4tMjcuanBnIiwic2xpZGVzaG93IjoiOWI1YWRiZSJ9\">\n\t\t\t\t\t<div class=\"e-gallery-image elementor-gallery-item__image\" data-thumbnail=\"https:\/\/meindolcevita.com\/wp-content\/uploads\/ww-nierstein-27.jpg\" data-width=\"1380\" data-height=\"920\" aria-label=\"\" role=\"img\" ><\/div>\n\t\t\t\t\t\t\t\t\t\t\t<div class=\"elementor-gallery-item__overlay\"><\/div>\n\t\t\t\t\t\t\t\t\t\t\t\t\t\t\t<div class=\"elementor-gallery-item__content\">\n\t\t\t\t\t\t\t\t\t\t\t\t\t\t<div class=\"elementor-gallery-item__title\">\n\t\t\t\t\t\t\t\t\t\t\t\t\t\t\t\t\t\tWeingut Heise\t\t\t\t\t\t\t\t<\/div>\n\t\t\t\t\t\t\t\t\t\t\t\t<\/div>\n\t\t\t\t\t\t\t\t\t<\/a>\n\t\t\t\t\t\t\t<a class=\"e-gallery-item elementor-gallery-item elementor-animated-content\" href=\"https:\/\/meindolcevita.com\/wp-content\/uploads\/ww-nierstein-28-1.jpg\" data-elementor-open-lightbox=\"yes\" data-elementor-lightbox-slideshow=\"9b5adbe\" data-elementor-lightbox-title=\"Weinerlebnis Roter Hang - Nierstein\" data-elementor-lightbox-description=\"Weinerlebnis Roter Hang - Nierstein | Foto: Walter Wiener\" data-e-action-hash=\"#elementor-action%3Aaction%3Dlightbox%26settings%3DeyJpZCI6OTk1OCwidXJsIjoiaHR0cHM6XC9cL21laW5kb2xjZXZpdGEuY29tXC93cC1jb250ZW50XC91cGxvYWRzXC93dy1uaWVyc3RlaW4tMjgtMS5qcGciLCJzbGlkZXNob3ciOiI5YjVhZGJlIn0%3D\">\n\t\t\t\t\t<div class=\"e-gallery-image elementor-gallery-item__image\" data-thumbnail=\"https:\/\/meindolcevita.com\/wp-content\/uploads\/ww-nierstein-28-1.jpg\" data-width=\"1380\" data-height=\"920\" aria-label=\"\" role=\"img\" ><\/div>\n\t\t\t\t\t\t\t\t\t\t\t<div class=\"elementor-gallery-item__overlay\"><\/div>\n\t\t\t\t\t\t\t\t\t\t\t\t\t\t\t<div class=\"elementor-gallery-item__content\">\n\t\t\t\t\t\t\t\t\t\t\t\t\t\t<div class=\"elementor-gallery-item__title\">\n\t\t\t\t\t\t\t\t\t\t\t\t\t\t\t\t\t\tWeinerlebnis Roter Hang - Nierstein\t\t\t\t\t\t\t\t<\/div>\n\t\t\t\t\t\t\t\t\t\t\t\t<\/div>\n\t\t\t\t\t\t\t\t\t<\/a>\n\t\t\t\t\t<\/div>\n\t\t\t\t\t<\/div>\n\t\t\t\t<\/div>\n\t\t\t\t<div class=\"elementor-element elementor-element-d5ae22c elementor-widget elementor-widget-spacer\" data-id=\"d5ae22c\" data-element_type=\"widget\" data-widget_type=\"spacer.default\">\n\t\t\t\t<div class=\"elementor-widget-container\">\n\t\t\t\t\t\t\t<div class=\"elementor-spacer\">\n\t\t\t<div class=\"elementor-spacer-inner\"><\/div>\n\t\t<\/div>\n\t\t\t\t\t\t<\/div>\n\t\t\t\t<\/div>\n\t\t\t\t<div class=\"elementor-element elementor-element-dc6050a elementor-widget elementor-widget-heading\" data-id=\"dc6050a\" data-element_type=\"widget\" data-widget_type=\"heading.default\">\n\t\t\t\t<div class=\"elementor-widget-container\">\n\t\t\t\t\t<div class=\"elementor-heading-title elementor-size-default\"><b>Starting point - Nierstein market square via Karolingerstra\u00dfe<\/b><\/div>\t\t\t\t<\/div>\n\t\t\t\t<\/div>\n\t\t\t\t<div class=\"elementor-element elementor-element-e3ffc0f elementor-widget elementor-widget-text-editor\" data-id=\"e3ffc0f\" data-element_type=\"widget\" data-widget_type=\"text-editor.default\">\n\t\t\t\t<div class=\"elementor-widget-container\">\n\t\t\t\t\t\t\t\t\t<p>From the market square, walk along Karolingerstra\u00dfe to the Karolingerstra\u00dfe-An der Bergkirche intersection. Start the wine hike straight ahead in Karolingerstra\u00dfe, past the Heise winery. Or take a short detour at this intersection via the church in the street &#8216;An der Bergkirche&#8217; &#8211; behind the church is Station 1 of the &#8216;Roter Hang&#8217; hiking trail &#8216;Coastal View&#8217;.<\/p>\n<p>Behind the church, follow the red signs saying &#8216;Weinerlebnis Roter Hang&#8217;. This trail is also marked with large flags.<\/p>\n<p>Station 5 is the Humboldt view over the Rhine. Then we circle a valley with vineyards and get to the viewing platform &#8216;Most beautiful Weinsicht Rheinhessen 2012&#8217;. The view is really worth it &#8211; you can even see the skyline of Frankfurt on the Horizon.<\/p>\n\t\t\t\t\t\t\t\t<\/div>\n\t\t\t\t<\/div>\n\t\t\t\t<div class=\"elementor-element elementor-element-27fa967 elementor-widget elementor-widget-html\" data-id=\"27fa967\" data-element_type=\"widget\" data-widget_type=\"html.default\">\n\t\t\t\t<div class=\"elementor-widget-container\">\n\t\t\t\t\t<iframe src=\"https:\/\/www.google.com\/maps\/embed?pb=!1m54!1m12!1m3!1d14154.04713207134!2d8.323516947439915!3d49.879492697712195!2m3!1f0!2f0!3f0!3m2!1i1024!2i768!4f13.1!4m39!3e2!4m3!3m2!1d49.8746929!2d8.3365077!4m3!3m2!1d49.8765511!2d8.3362609!4m3!3m2!1d49.8773531!2d8.3355903!4m5!1s0x47bd852a3edc384d%3A0x45f8976a5811e367!2sRoter%20Hang!3m2!1d49.879873599999996!2d8.332296099999999!4m3!3m2!1d49.880018299999996!2d8.3328223!4m3!3m2!1d49.8803001!2d8.3332407!4m5!1s0x47bd9b9b477ea42f%3A0xe3bc9d6e5331a94e!2sAlexander%20von%20Humboldt-Blick!3m2!1d49.8870651!2d8.3348403!4m5!1s0x47bd9ad6129d17f3%3A0x43bdebb803153880!2sSch%C3%B6nste%20Weinsicht%20Rheinhessen%202012!3m2!1d49.8894954!2d8.335626!5e1!3m2!1sde!2sde!4v1641143976514!5m2!1sde!2sde\" width=\"600\" height=\"450\" style=\"border:0;\" allowfullscreen=\"\" loading=\"lazy\"><\/iframe>\t\t\t\t<\/div>\n\t\t\t\t<\/div>\n\t\t\t\t<div class=\"elementor-element elementor-element-cb6aaa2 elementor-widget elementor-widget-heading\" data-id=\"cb6aaa2\" data-element_type=\"widget\" data-widget_type=\"heading.default\">\n\t\t\t\t<div class=\"elementor-widget-container\">\n\t\t\t\t\t<div class=\"elementor-heading-title elementor-size-default\">How do I get back?<\/div>\t\t\t\t<\/div>\n\t\t\t\t<\/div>\n\t\t\t\t<div class=\"elementor-element elementor-element-7319142 elementor-widget elementor-widget-text-editor\" data-id=\"7319142\" data-element_type=\"widget\" data-widget_type=\"text-editor.default\">\n\t\t\t\t<div class=\"elementor-widget-container\">\n\t\t\t\t\t\t\t\t\t<p>There are several routes through the vineyards &#8211; take the same route back &#8211; or one of the other routes. For example, you can go down the valley that you have lapped around and take the hiking trail below back to Nierstein.<\/p>\n\t\t\t\t\t\t\t\t<\/div>\n\t\t\t\t<\/div>\n\t\t\t\t\t<\/div>\n\t\t<\/div>\n\t\t\t\t\t<\/div>\n\t\t<\/section>\n\t\t\t\t<\/div>\n\t\t","protected":false},"excerpt":{"rendered":"<p>Wine hike on the &#8216;Red Slope&#8217; in Nierstein to the &#8216;Most Beautiful Wine View Rheinhessen 2012&#8217;.<\/p>\n","protected":false},"author":5,"featured_media":9948,"comment_status":"closed","ping_status":"open","sticky":false,"template":"","format":"standard","meta":{"footnotes":""},"categories":[103,122],"tags":[109],"class_list":["post-10074","post","type-post","status-publish","format-standard","has-post-thumbnail","hentry","category-winehiking","category-winehikinghomepage","tag-red-slope-nierstein"],"yoast_head":"<!-- This site is optimized with the Yoast SEO plugin v27.5 - https:\/\/yoast.com\/product\/yoast-seo-wordpress\/ -->\n<title>HEURIGEN-WEIN-WANDERN<\/title>\n<meta name=\"description\" content=\"Wine hiking with MeinDolceVita.com - Wine hiking on the &#039;Roten Hang&#039; in Nierstein to the &#039;Most Beautiful Wine View Rheinhessen 2012&#039;.\" \/>\n<meta name=\"robots\" content=\"index, follow, max-snippet:-1, max-image-preview:large, max-video-preview:-1\" \/>\n<link rel=\"canonical\" href=\"https:\/\/meindolcevita.com\/en\/wine-experience-roter-hang-up-to-the-most-beautiful-wine-view-rheinhessen-2012\" \/>\n<meta property=\"og:locale\" content=\"en_US\" \/>\n<meta property=\"og:type\" content=\"article\" \/>\n<meta property=\"og:title\" content=\"The Kaisersteig on Facebook\" \/>\n<meta property=\"og:description\" content=\"Go on a wonderful Facebook hike over the Kaisersteig to Perchtoldsdorf.\" \/>\n<meta property=\"og:url\" content=\"https:\/\/meindolcevita.com\/en\/wine-experience-roter-hang-up-to-the-most-beautiful-wine-view-rheinhessen-2012\" \/>\n<meta property=\"og:site_name\" content=\"HEURIGEN-WEIN-WANDERN\" \/>\n<meta property=\"article:published_time\" content=\"2022-01-13T20:16:59+00:00\" \/>\n<meta property=\"article:modified_time\" content=\"2022-01-15T15:47:56+00:00\" \/>\n<meta property=\"og:image\" content=\"https:\/\/meindolcevita.com\/wp-content\/uploads\/Kaisersteig_PICT5840-scaled.jpg\" \/>\n<meta name=\"author\" content=\"WebdesignStudio Hochegger\" \/>\n<meta name=\"twitter:card\" content=\"summary_large_image\" \/>\n<meta name=\"twitter:title\" content=\"The Kaisersteig on Twitter\" \/>\n<meta name=\"twitter:description\" content=\"Take a wonderful Twitter hike over the Kaisersteig.\" \/>\n<meta name=\"twitter:image\" content=\"https:\/\/meindolcevita.com\/wp-content\/uploads\/Kaisersteig_PICT5840-scaled.jpg\" \/>\n<meta name=\"twitter:label1\" content=\"Written by\" \/>\n\t<meta name=\"twitter:data1\" content=\"WebdesignStudio Hochegger\" \/>\n\t<meta name=\"twitter:label2\" content=\"Est. reading time\" \/>\n\t<meta name=\"twitter:data2\" content=\"3 minutes\" \/>\n<script type=\"application\/ld+json\" class=\"yoast-schema-graph\">{\"@context\":\"https:\\\/\\\/schema.org\",\"@graph\":[{\"@type\":\"Article\",\"@id\":\"https:\\\/\\\/meindolcevita.com\\\/en\\\/wine-experience-roter-hang-up-to-the-most-beautiful-wine-view-rheinhessen-2012#article\",\"isPartOf\":{\"@id\":\"https:\\\/\\\/meindolcevita.com\\\/en\\\/wine-experience-roter-hang-up-to-the-most-beautiful-wine-view-rheinhessen-2012\"},\"author\":{\"name\":\"WebdesignStudio Hochegger\",\"@id\":\"https:\\\/\\\/meindolcevita.com\\\/en#\\\/schema\\\/person\\\/ecf6ed62abf8e7912916badbdb5b768f\"},\"headline\":\"Wine experience &#8216;Roter Hang&#8217; up to the &#8216;Most Beautiful Wine View Rheinhessen 2012&#8217;\",\"datePublished\":\"2022-01-13T20:16:59+00:00\",\"dateModified\":\"2022-01-15T15:47:56+00:00\",\"mainEntityOfPage\":{\"@id\":\"https:\\\/\\\/meindolcevita.com\\\/en\\\/wine-experience-roter-hang-up-to-the-most-beautiful-wine-view-rheinhessen-2012\"},\"wordCount\":375,\"publisher\":{\"@id\":\"https:\\\/\\\/meindolcevita.com\\\/en#organization\"},\"image\":{\"@id\":\"https:\\\/\\\/meindolcevita.com\\\/en\\\/wine-experience-roter-hang-up-to-the-most-beautiful-wine-view-rheinhessen-2012#primaryimage\"},\"thumbnailUrl\":\"https:\\\/\\\/meindolcevita.com\\\/wp-content\\\/uploads\\\/ww-nierstein-09.jpg\",\"keywords\":[\"Red slope Nierstein\"],\"articleSection\":[\"WineHiking\",\"WineHikingHomepage\"],\"inLanguage\":\"en-US\"},{\"@type\":\"WebPage\",\"@id\":\"https:\\\/\\\/meindolcevita.com\\\/en\\\/wine-experience-roter-hang-up-to-the-most-beautiful-wine-view-rheinhessen-2012\",\"url\":\"https:\\\/\\\/meindolcevita.com\\\/en\\\/wine-experience-roter-hang-up-to-the-most-beautiful-wine-view-rheinhessen-2012\",\"name\":\"HEURIGEN-WEIN-WANDERN\",\"isPartOf\":{\"@id\":\"https:\\\/\\\/meindolcevita.com\\\/en#website\"},\"primaryImageOfPage\":{\"@id\":\"https:\\\/\\\/meindolcevita.com\\\/en\\\/wine-experience-roter-hang-up-to-the-most-beautiful-wine-view-rheinhessen-2012#primaryimage\"},\"image\":{\"@id\":\"https:\\\/\\\/meindolcevita.com\\\/en\\\/wine-experience-roter-hang-up-to-the-most-beautiful-wine-view-rheinhessen-2012#primaryimage\"},\"thumbnailUrl\":\"https:\\\/\\\/meindolcevita.com\\\/wp-content\\\/uploads\\\/ww-nierstein-09.jpg\",\"datePublished\":\"2022-01-13T20:16:59+00:00\",\"dateModified\":\"2022-01-15T15:47:56+00:00\",\"description\":\"Wine hiking with MeinDolceVita.com - Wine hiking on the 'Roten Hang' in Nierstein to the 'Most Beautiful Wine View Rheinhessen 2012'.\",\"breadcrumb\":{\"@id\":\"https:\\\/\\\/meindolcevita.com\\\/en\\\/wine-experience-roter-hang-up-to-the-most-beautiful-wine-view-rheinhessen-2012#breadcrumb\"},\"inLanguage\":\"en-US\",\"potentialAction\":[{\"@type\":\"ReadAction\",\"target\":[\"https:\\\/\\\/meindolcevita.com\\\/en\\\/wine-experience-roter-hang-up-to-the-most-beautiful-wine-view-rheinhessen-2012\"]}]},{\"@type\":\"ImageObject\",\"inLanguage\":\"en-US\",\"@id\":\"https:\\\/\\\/meindolcevita.com\\\/en\\\/wine-experience-roter-hang-up-to-the-most-beautiful-wine-view-rheinhessen-2012#primaryimage\",\"url\":\"https:\\\/\\\/meindolcevita.com\\\/wp-content\\\/uploads\\\/ww-nierstein-09.jpg\",\"contentUrl\":\"https:\\\/\\\/meindolcevita.com\\\/wp-content\\\/uploads\\\/ww-nierstein-09.jpg\",\"width\":1380,\"height\":920,\"caption\":\"Wine experience Roter Hang - Nierstein\"},{\"@type\":\"BreadcrumbList\",\"@id\":\"https:\\\/\\\/meindolcevita.com\\\/en\\\/wine-experience-roter-hang-up-to-the-most-beautiful-wine-view-rheinhessen-2012#breadcrumb\",\"itemListElement\":[{\"@type\":\"ListItem\",\"position\":1,\"name\":\"Mein DolceVita\",\"item\":\"https:\\\/\\\/meindolcevita.com\\\/en\"},{\"@type\":\"ListItem\",\"position\":2,\"name\":\"Breadcrumb title\"}]},{\"@type\":\"WebSite\",\"@id\":\"https:\\\/\\\/meindolcevita.com\\\/en#website\",\"url\":\"https:\\\/\\\/meindolcevita.com\\\/en\",\"name\":\"HEURIGEN-WEIN-WANDERN\",\"description\":\"Heurigen Wein und Wandern\",\"publisher\":{\"@id\":\"https:\\\/\\\/meindolcevita.com\\\/en#organization\"},\"potentialAction\":[{\"@type\":\"SearchAction\",\"target\":{\"@type\":\"EntryPoint\",\"urlTemplate\":\"https:\\\/\\\/meindolcevita.com\\\/en?s={search_term_string}\"},\"query-input\":{\"@type\":\"PropertyValueSpecification\",\"valueRequired\":true,\"valueName\":\"search_term_string\"}}],\"inLanguage\":\"en-US\"},{\"@type\":\"Organization\",\"@id\":\"https:\\\/\\\/meindolcevita.com\\\/en#organization\",\"name\":\"MeinDolceVita\",\"url\":\"https:\\\/\\\/meindolcevita.com\\\/en\",\"logo\":{\"@type\":\"ImageObject\",\"inLanguage\":\"en-US\",\"@id\":\"https:\\\/\\\/meindolcevita.com\\\/en#\\\/schema\\\/logo\\\/image\\\/\",\"url\":\"https:\\\/\\\/meindolcevita.com\\\/wp-content\\\/uploads\\\/2021\\\/10\\\/LogoMeinDolceVita-1.png\",\"contentUrl\":\"https:\\\/\\\/meindolcevita.com\\\/wp-content\\\/uploads\\\/2021\\\/10\\\/LogoMeinDolceVita-1.png\",\"width\":350,\"height\":64,\"caption\":\"MeinDolceVita\"},\"image\":{\"@id\":\"https:\\\/\\\/meindolcevita.com\\\/en#\\\/schema\\\/logo\\\/image\\\/\"}},{\"@type\":\"Person\",\"@id\":\"https:\\\/\\\/meindolcevita.com\\\/en#\\\/schema\\\/person\\\/ecf6ed62abf8e7912916badbdb5b768f\",\"name\":\"WebdesignStudio Hochegger\",\"image\":{\"@type\":\"ImageObject\",\"inLanguage\":\"en-US\",\"@id\":\"https:\\\/\\\/secure.gravatar.com\\\/avatar\\\/061798f5e208293c717a40a46aab8856bfd9867774b811363a469368ee07717d?s=96&d=mm\",\"url\":\"https:\\\/\\\/secure.gravatar.com\\\/avatar\\\/061798f5e208293c717a40a46aab8856bfd9867774b811363a469368ee07717d?s=96&d=mm\",\"contentUrl\":\"https:\\\/\\\/secure.gravatar.com\\\/avatar\\\/061798f5e208293c717a40a46aab8856bfd9867774b811363a469368ee07717d?s=96&d=mm\",\"caption\":\"WebdesignStudio Hochegger\"},\"url\":\"https:\\\/\\\/meindolcevita.com\\\/en\\\/author\\\/webdesignstudiohocheggerreserve\"}]}<\/script>\n<!-- \/ Yoast SEO plugin. -->","yoast_head_json":{"title":"HEURIGEN-WEIN-WANDERN","description":"Wine hiking with MeinDolceVita.com - Wine hiking on the 'Roten Hang' in Nierstein to the 'Most Beautiful Wine View Rheinhessen 2012'.","robots":{"index":"index","follow":"follow","max-snippet":"max-snippet:-1","max-image-preview":"max-image-preview:large","max-video-preview":"max-video-preview:-1"},"canonical":"https:\/\/meindolcevita.com\/en\/wine-experience-roter-hang-up-to-the-most-beautiful-wine-view-rheinhessen-2012","og_locale":"en_US","og_type":"article","og_title":"The Kaisersteig on Facebook","og_description":"Go on a wonderful Facebook hike over the Kaisersteig to Perchtoldsdorf.","og_url":"https:\/\/meindolcevita.com\/en\/wine-experience-roter-hang-up-to-the-most-beautiful-wine-view-rheinhessen-2012","og_site_name":"HEURIGEN-WEIN-WANDERN","article_published_time":"2022-01-13T20:16:59+00:00","article_modified_time":"2022-01-15T15:47:56+00:00","og_image":[{"url":"https:\/\/meindolcevita.com\/wp-content\/uploads\/Kaisersteig_PICT5840-scaled.jpg","type":"","width":"","height":""}],"author":"WebdesignStudio Hochegger","twitter_card":"summary_large_image","twitter_title":"The Kaisersteig on Twitter","twitter_description":"Take a wonderful Twitter hike over the Kaisersteig.","twitter_image":"https:\/\/meindolcevita.com\/wp-content\/uploads\/Kaisersteig_PICT5840-scaled.jpg","twitter_misc":{"Written by":"WebdesignStudio Hochegger","Est. reading time":"3 minutes"},"schema":{"@context":"https:\/\/schema.org","@graph":[{"@type":"Article","@id":"https:\/\/meindolcevita.com\/en\/wine-experience-roter-hang-up-to-the-most-beautiful-wine-view-rheinhessen-2012#article","isPartOf":{"@id":"https:\/\/meindolcevita.com\/en\/wine-experience-roter-hang-up-to-the-most-beautiful-wine-view-rheinhessen-2012"},"author":{"name":"WebdesignStudio Hochegger","@id":"https:\/\/meindolcevita.com\/en#\/schema\/person\/ecf6ed62abf8e7912916badbdb5b768f"},"headline":"Wine experience &#8216;Roter Hang&#8217; up to the &#8216;Most Beautiful Wine View Rheinhessen 2012&#8217;","datePublished":"2022-01-13T20:16:59+00:00","dateModified":"2022-01-15T15:47:56+00:00","mainEntityOfPage":{"@id":"https:\/\/meindolcevita.com\/en\/wine-experience-roter-hang-up-to-the-most-beautiful-wine-view-rheinhessen-2012"},"wordCount":375,"publisher":{"@id":"https:\/\/meindolcevita.com\/en#organization"},"image":{"@id":"https:\/\/meindolcevita.com\/en\/wine-experience-roter-hang-up-to-the-most-beautiful-wine-view-rheinhessen-2012#primaryimage"},"thumbnailUrl":"https:\/\/meindolcevita.com\/wp-content\/uploads\/ww-nierstein-09.jpg","keywords":["Red slope Nierstein"],"articleSection":["WineHiking","WineHikingHomepage"],"inLanguage":"en-US"},{"@type":"WebPage","@id":"https:\/\/meindolcevita.com\/en\/wine-experience-roter-hang-up-to-the-most-beautiful-wine-view-rheinhessen-2012","url":"https:\/\/meindolcevita.com\/en\/wine-experience-roter-hang-up-to-the-most-beautiful-wine-view-rheinhessen-2012","name":"HEURIGEN-WEIN-WANDERN","isPartOf":{"@id":"https:\/\/meindolcevita.com\/en#website"},"primaryImageOfPage":{"@id":"https:\/\/meindolcevita.com\/en\/wine-experience-roter-hang-up-to-the-most-beautiful-wine-view-rheinhessen-2012#primaryimage"},"image":{"@id":"https:\/\/meindolcevita.com\/en\/wine-experience-roter-hang-up-to-the-most-beautiful-wine-view-rheinhessen-2012#primaryimage"},"thumbnailUrl":"https:\/\/meindolcevita.com\/wp-content\/uploads\/ww-nierstein-09.jpg","datePublished":"2022-01-13T20:16:59+00:00","dateModified":"2022-01-15T15:47:56+00:00","description":"Wine hiking with MeinDolceVita.com - Wine hiking on the 'Roten Hang' in Nierstein to the 'Most Beautiful Wine View Rheinhessen 2012'.","breadcrumb":{"@id":"https:\/\/meindolcevita.com\/en\/wine-experience-roter-hang-up-to-the-most-beautiful-wine-view-rheinhessen-2012#breadcrumb"},"inLanguage":"en-US","potentialAction":[{"@type":"ReadAction","target":["https:\/\/meindolcevita.com\/en\/wine-experience-roter-hang-up-to-the-most-beautiful-wine-view-rheinhessen-2012"]}]},{"@type":"ImageObject","inLanguage":"en-US","@id":"https:\/\/meindolcevita.com\/en\/wine-experience-roter-hang-up-to-the-most-beautiful-wine-view-rheinhessen-2012#primaryimage","url":"https:\/\/meindolcevita.com\/wp-content\/uploads\/ww-nierstein-09.jpg","contentUrl":"https:\/\/meindolcevita.com\/wp-content\/uploads\/ww-nierstein-09.jpg","width":1380,"height":920,"caption":"Wine experience Roter Hang - Nierstein"},{"@type":"BreadcrumbList","@id":"https:\/\/meindolcevita.com\/en\/wine-experience-roter-hang-up-to-the-most-beautiful-wine-view-rheinhessen-2012#breadcrumb","itemListElement":[{"@type":"ListItem","position":1,"name":"Mein DolceVita","item":"https:\/\/meindolcevita.com\/en"},{"@type":"ListItem","position":2,"name":"Breadcrumb title"}]},{"@type":"WebSite","@id":"https:\/\/meindolcevita.com\/en#website","url":"https:\/\/meindolcevita.com\/en","name":"HEURIGEN-WEIN-WANDERN","description":"Heurigen Wein und Wandern","publisher":{"@id":"https:\/\/meindolcevita.com\/en#organization"},"potentialAction":[{"@type":"SearchAction","target":{"@type":"EntryPoint","urlTemplate":"https:\/\/meindolcevita.com\/en?s={search_term_string}"},"query-input":{"@type":"PropertyValueSpecification","valueRequired":true,"valueName":"search_term_string"}}],"inLanguage":"en-US"},{"@type":"Organization","@id":"https:\/\/meindolcevita.com\/en#organization","name":"MeinDolceVita","url":"https:\/\/meindolcevita.com\/en","logo":{"@type":"ImageObject","inLanguage":"en-US","@id":"https:\/\/meindolcevita.com\/en#\/schema\/logo\/image\/","url":"https:\/\/meindolcevita.com\/wp-content\/uploads\/2021\/10\/LogoMeinDolceVita-1.png","contentUrl":"https:\/\/meindolcevita.com\/wp-content\/uploads\/2021\/10\/LogoMeinDolceVita-1.png","width":350,"height":64,"caption":"MeinDolceVita"},"image":{"@id":"https:\/\/meindolcevita.com\/en#\/schema\/logo\/image\/"}},{"@type":"Person","@id":"https:\/\/meindolcevita.com\/en#\/schema\/person\/ecf6ed62abf8e7912916badbdb5b768f","name":"WebdesignStudio Hochegger","image":{"@type":"ImageObject","inLanguage":"en-US","@id":"https:\/\/secure.gravatar.com\/avatar\/061798f5e208293c717a40a46aab8856bfd9867774b811363a469368ee07717d?s=96&d=mm","url":"https:\/\/secure.gravatar.com\/avatar\/061798f5e208293c717a40a46aab8856bfd9867774b811363a469368ee07717d?s=96&d=mm","contentUrl":"https:\/\/secure.gravatar.com\/avatar\/061798f5e208293c717a40a46aab8856bfd9867774b811363a469368ee07717d?s=96&d=mm","caption":"WebdesignStudio Hochegger"},"url":"https:\/\/meindolcevita.com\/en\/author\/webdesignstudiohocheggerreserve"}]}},"_links":{"self":[{"href":"https:\/\/meindolcevita.com\/en\/wp-json\/wp\/v2\/posts\/10074","targetHints":{"allow":["GET"]}}],"collection":[{"href":"https:\/\/meindolcevita.com\/en\/wp-json\/wp\/v2\/posts"}],"about":[{"href":"https:\/\/meindolcevita.com\/en\/wp-json\/wp\/v2\/types\/post"}],"author":[{"embeddable":true,"href":"https:\/\/meindolcevita.com\/en\/wp-json\/wp\/v2\/users\/5"}],"replies":[{"embeddable":true,"href":"https:\/\/meindolcevita.com\/en\/wp-json\/wp\/v2\/comments?post=10074"}],"version-history":[{"count":0,"href":"https:\/\/meindolcevita.com\/en\/wp-json\/wp\/v2\/posts\/10074\/revisions"}],"wp:featuredmedia":[{"embeddable":true,"href":"https:\/\/meindolcevita.com\/en\/wp-json\/wp\/v2\/media\/9948"}],"wp:attachment":[{"href":"https:\/\/meindolcevita.com\/en\/wp-json\/wp\/v2\/media?parent=10074"}],"wp:term":[{"taxonomy":"category","embeddable":true,"href":"https:\/\/meindolcevita.com\/en\/wp-json\/wp\/v2\/categories?post=10074"},{"taxonomy":"post_tag","embeddable":true,"href":"https:\/\/meindolcevita.com\/en\/wp-json\/wp\/v2\/tags?post=10074"}],"curies":[{"name":"wp","href":"https:\/\/api.w.org\/{rel}","templated":true}]}}